{"id":6091,"date":"2022-11-10T10:27:46","date_gmt":"2022-11-10T10:27:46","guid":{"rendered":"https:\/\/jaumemontserrat.eu\/?p=6091"},"modified":"2022-12-17T07:18:38","modified_gmt":"2022-12-17T07:18:38","slug":"mural-migracion","status":"publish","type":"post","link":"https:\/\/jaumemontserrat.eu\/gb\/uncategorized\/mural-migracion\/","title":{"rendered":"Mural Migraci\u00f3n"},"content":{"rendered":"\n<p>Mural realizado en Barcelona durante el evento Jam Migraci\u00f3n organizado por Wallspot y el colectivo colombiano 2 Latinas.<br><br>La imagen de referencia es un viejo retrato familiar encontrado en casa de mis abuelos, a qui\u00e9n he tapado el rostro con el recorrido de un p\u00e1jaro migratorio.<br><br>El anonimato de la migraci\u00f3n. La familia. Los colores del pasado.<\/p>\n\n\n\n<figure class=\"wp-block-video\"><video autoplay controls loop muted poster=\"https:\/\/jaumemontserrat.eu\/wp-content\/uploads\/2022\/11\/preview.jpg\" src=\"https:\/\/jaumemontserrat.eu\/wp-content\/uploads\/2022\/11\/video1.mov\"><\/video><\/figure>\n\n\n\n<figure class=\"gb-block-image gb-block-image-532b97c8\"><img loading=\"lazy\" decoding=\"async\" width=\"1024\" height=\"831\" class=\"gb-image gb-image-532b97c8\" src=\"https:\/\/jaumemontserrat.eu\/wp-content\/uploads\/2022\/11\/mural-1-1024x831.jpg\" srcset=\"https:\/\/jaumemontserrat.eu\/wp-content\/uploads\/2022\/11\/mural-1-1024x831.jpg 1024w, https:\/\/jaumemontserrat.eu\/wp-content\/uploads\/2022\/11\/mural-1-300x243.jpg 300w, https:\/\/jaumemontserrat.eu\/wp-content\/uploads\/2022\/11\/mural-1-768x623.jpg 768w, https:\/\/jaumemontserrat.eu\/wp-content\/uploads\/2022\/11\/mural-1-500x406.jpg 500w, https:\/\/jaumemontserrat.eu\/wp-content\/uploads\/2022\/11\/mural-1-800x649.jpg 800w, https:\/\/jaumemontserrat.eu\/wp-content\/uploads\/2022\/11\/mural-1.jpg 1109w\" sizes=\"(max-width: 709px) 85vw, (max-width: 909px) 67vw, (max-width: 1362px) 62vw, 840px\" \/><\/figure>\n","protected":false},"excerpt":{"rendered":"<p>Mural realizado en Barcelona durante el evento Jam Migraci\u00f3n organizado por Wallspot y el colectivo colombiano 2 Latinas. La imagen de referencia es un viejo retrato familiar encontrado en casa de mis abuelos, a qui\u00e9n he tapado el rostro con el recorrido de un p\u00e1jaro migratorio. El anonimato de la migraci\u00f3n. La familia. Los colores &hellip; <a href=\"https:\/\/jaumemontserrat.eu\/gb\/uncategorized\/mural-migracion\/\" class=\"more-link\">Continue reading<span class=\"screen-reader-text\"> &#8220;Mural Migraci\u00f3n&#8221;<\/span><\/a><\/p>\n","protected":false},"author":3,"featured_media":0,"comment_status":"closed","ping_status":"open","sticky":false,"template":"","format":"standard","meta":{"_vp_format_video_url":"","_vp_image_focal_point":[],"footnotes":""},"categories":[12,1,8],"tags":[],"class_list":["post-6091","post","type-post","status-publish","format-standard","hentry","category-colaboraciones","category-uncategorized","category-wall"],"translation":{"provider":"WPGlobus","version":"2.12.2","language":"gb","enabled_languages":["ct","es","gb"],"languages":{"ct":{"title":true,"content":true,"excerpt":false},"es":{"title":false,"content":false,"excerpt":false},"gb":{"title":false,"content":false,"excerpt":false}}},"_links":{"self":[{"href":"https:\/\/jaumemontserrat.eu\/gb\/wp-json\/wp\/v2\/posts\/6091"}],"collection":[{"href":"https:\/\/jaumemontserrat.eu\/gb\/wp-json\/wp\/v2\/posts"}],"about":[{"href":"https:\/\/jaumemontserrat.eu\/gb\/wp-json\/wp\/v2\/types\/post"}],"author":[{"embeddable":true,"href":"https:\/\/jaumemontserrat.eu\/gb\/wp-json\/wp\/v2\/users\/3"}],"replies":[{"embeddable":true,"href":"https:\/\/jaumemontserrat.eu\/gb\/wp-json\/wp\/v2\/comments?post=6091"}],"version-history":[{"count":8,"href":"https:\/\/jaumemontserrat.eu\/gb\/wp-json\/wp\/v2\/posts\/6091\/revisions"}],"predecessor-version":[{"id":6111,"href":"https:\/\/jaumemontserrat.eu\/gb\/wp-json\/wp\/v2\/posts\/6091\/revisions\/6111"}],"wp:attachment":[{"href":"https:\/\/jaumemontserrat.eu\/gb\/wp-json\/wp\/v2\/media?parent=6091"}],"wp:term":[{"taxonomy":"category","embeddable":true,"href":"https:\/\/jaumemontserrat.eu\/gb\/wp-json\/wp\/v2\/categories?post=6091"},{"taxonomy":"post_tag","embeddable":true,"href":"https:\/\/jaumemontserrat.eu\/gb\/wp-json\/wp\/v2\/tags?post=6091"}],"curies":[{"name":"wp","href":"https:\/\/api.w.org\/{rel}","templated":true}]}}