{"id":6035,"date":"2022-05-17T07:42:26","date_gmt":"2022-05-17T07:42:26","guid":{"rendered":"https:\/\/jaumemontserrat.eu\/?p=6035"},"modified":"2022-05-17T07:42:27","modified_gmt":"2022-05-17T07:42:27","slug":"mural-sant-andreu","status":"publish","type":"post","link":"https:\/\/jaumemontserrat.eu\/gb\/uncategorized\/mural-sant-andreu\/","title":{"rendered":"Mural Sant Andreu"},"content":{"rendered":"\n<p>PASSAT \u2022 PRESENT \u2022 FUTUR<br>1. La iaia Teresina (l&#8217;\u00e0via del pare). Filla de castanyera que va treballar, primer de filadora a Fabra i Coats, i despr\u00e9s de sastre a casa fent vestits de n\u00favia per les ve\u00efnes.<\/p>\n\n\n\n<div class=\"wp-block-group\"><div class=\"wp-block-group__inner-container is-layout-flow wp-block-group-is-layout-flow\">\n<div class='mgl-justified-container'><style>\t#mgl-gallery-69f55502de55f {\t\tdisplay: none;\t\tmargin: -2px;\t}\t#mgl-gallery-69f55502de55f .mgl-item {\t\tmargin: 2px;\t}<\/style><div id='mgl-gallery-69f55502de55f' class='mgl-gallery mgl-justified captions-none' style='--rh: 140px'><figure class=\"mgl-item\" style=\"--w: 792; --h: 1161\">\n\t<div class=\"mgl-icon\">\n\t\t<div class=\"mgl-img-container\">\n\t\t\t\t\t\t\t<img loading=\"lazy\" decoding=\"async\" width=\"699\" height=\"1024\" src=\"https:\/\/jaumemontserrat.eu\/wp-content\/uploads\/2022\/05\/12-11-2007-1730-17-699x1024.jpg\" class=\"wp-image-6053\" alt=\"\" srcset=\"https:\/\/jaumemontserrat.eu\/wp-content\/uploads\/2022\/05\/12-11-2007-1730-17-699x1024.jpg 699w, https:\/\/jaumemontserrat.eu\/wp-content\/uploads\/2022\/05\/12-11-2007-1730-17-205x300.jpg 205w, https:\/\/jaumemontserrat.eu\/wp-content\/uploads\/2022\/05\/12-11-2007-1730-17-768x1126.jpg 768w, https:\/\/jaumemontserrat.eu\/wp-content\/uploads\/2022\/05\/12-11-2007-1730-17-500x733.jpg 500w, https:\/\/jaumemontserrat.eu\/wp-content\/uploads\/2022\/05\/12-11-2007-1730-17.jpg 792w\" sizes=\"(max-width: 800px) 80vw, 50vw\" \/>\t\t\t\t\t<\/div>\n\t<\/div>\n\t<\/figure>\n<figure class=\"mgl-item\" style=\"--w: 1080; --h: 566\">\n\t<div class=\"mgl-icon\">\n\t\t<div class=\"mgl-img-container\">\n\t\t\t\t\t\t\t<img loading=\"lazy\" decoding=\"async\" width=\"840\" height=\"441\" src=\"https:\/\/jaumemontserrat.eu\/wp-content\/uploads\/2022\/05\/Passat-4-1024x537.jpg\" class=\"wp-image-6049\" alt=\"\" srcset=\"https:\/\/jaumemontserrat.eu\/wp-content\/uploads\/2022\/05\/Passat-4-1024x537.jpg 1024w, https:\/\/jaumemontserrat.eu\/wp-content\/uploads\/2022\/05\/Passat-4-300x157.jpg 300w, https:\/\/jaumemontserrat.eu\/wp-content\/uploads\/2022\/05\/Passat-4-768x402.jpg 768w, https:\/\/jaumemontserrat.eu\/wp-content\/uploads\/2022\/05\/Passat-4-500x262.jpg 500w, https:\/\/jaumemontserrat.eu\/wp-content\/uploads\/2022\/05\/Passat-4-800x419.jpg 800w, https:\/\/jaumemontserrat.eu\/wp-content\/uploads\/2022\/05\/Passat-4.jpg 1080w\" sizes=\"(max-width: 800px) 80vw, 50vw\" \/>\t\t\t\t\t<\/div>\n\t<\/div>\n\t<\/figure>\n<\/div><\/div>\n<\/div><\/div>\n\n\n\n<p><\/p>\n\n\n\n<p>2. Carmen, la mare, qui va vindre de petita des d&#8217;Almeria i qui portava un sobresou a casa fent els baixos dels pantalons dels meus companys d&#8217;escola.<\/p>\n\n\n\n<div class='mgl-tiles-container'><style>\t.mgl-tiles {\t\tdisplay: none;\t}\t#mgl-gallery-69f55502df603 {\t\tmargin: -5px;\t\twidth: calc(100% + 10px);\t}\t#mgl-gallery-69f55502df603 .mgl-box {\t\tpadding: 5px;\t}\t@media screen and (max-width: 768px) {\t\t#mgl-gallery-69f55502df603 {\t\t\tmargin: -5px;\t\t\twidth: calc(100% + 10px);\t\t}\t\t#mgl-gallery-69f55502df603 .mgl-box {\t\t\tpadding: 5px;\t\t}\t\t}\t@media screen and (max-width: 460px) {\t\t#mgl-gallery-69f55502df603 {\t\t\tmargin: -5px;\t\t\twidth: calc(100% + 10px);\t\t}\t\t#mgl-gallery-69f55502df603 .mgl-box {\t\t\tpadding: 5px;\t\t}\t\t}<\/style><div id='mgl-gallery-69f55502df603' class='mgl-gallery mgl-tiles captions-none' style=''><figure class=\"mgl-item\"  data-mgl-id=\"6045\" data-mgl-width=\"1080\" data-mgl-height=\"566\">\n\t<div class=\"mgl-icon\">\n\t\t<div class=\"mgl-img-container\">\n\t\t\t\t\t\t\t<img loading=\"lazy\" decoding=\"async\" width=\"840\" height=\"441\" src=\"https:\/\/jaumemontserrat.eu\/wp-content\/uploads\/2022\/05\/mama-2-1024x537.jpg\" class=\"wp-image-6045\" alt=\"\" srcset=\"https:\/\/jaumemontserrat.eu\/wp-content\/uploads\/2022\/05\/mama-2-1024x537.jpg 1024w, https:\/\/jaumemontserrat.eu\/wp-content\/uploads\/2022\/05\/mama-2-300x157.jpg 300w, https:\/\/jaumemontserrat.eu\/wp-content\/uploads\/2022\/05\/mama-2-768x402.jpg 768w, https:\/\/jaumemontserrat.eu\/wp-content\/uploads\/2022\/05\/mama-2-500x262.jpg 500w, https:\/\/jaumemontserrat.eu\/wp-content\/uploads\/2022\/05\/mama-2-800x419.jpg 800w, https:\/\/jaumemontserrat.eu\/wp-content\/uploads\/2022\/05\/mama-2.jpg 1080w\" sizes=\"50vw\" \/>\t\t\t\t\t<\/div>\n\t<\/div>\n\t<\/figure>\n<figure class=\"mgl-item\"  data-mgl-id=\"6037\" data-mgl-width=\"1080\" data-mgl-height=\"566\">\n\t<div class=\"mgl-icon\">\n\t\t<div class=\"mgl-img-container\">\n\t\t\t\t\t\t\t<img loading=\"lazy\" decoding=\"async\" width=\"840\" height=\"441\" src=\"https:\/\/jaumemontserrat.eu\/wp-content\/uploads\/2022\/05\/Detall-1-1024x537.jpg\" class=\"wp-image-6037\" alt=\"\" srcset=\"https:\/\/jaumemontserrat.eu\/wp-content\/uploads\/2022\/05\/Detall-1-1024x537.jpg 1024w, https:\/\/jaumemontserrat.eu\/wp-content\/uploads\/2022\/05\/Detall-1-300x157.jpg 300w, https:\/\/jaumemontserrat.eu\/wp-content\/uploads\/2022\/05\/Detall-1-768x402.jpg 768w, https:\/\/jaumemontserrat.eu\/wp-content\/uploads\/2022\/05\/Detall-1-500x262.jpg 500w, https:\/\/jaumemontserrat.eu\/wp-content\/uploads\/2022\/05\/Detall-1-800x419.jpg 800w, https:\/\/jaumemontserrat.eu\/wp-content\/uploads\/2022\/05\/Detall-1.jpg 1080w\" sizes=\"50vw\" \/>\t\t\t\t\t<\/div>\n\t<\/div>\n\t<\/figure>\n<\/div><\/div>\n\n\n\n<p><br>3. En Marcel, l&#8217;infant que viu davant del mural, fill de l&#8217;Anna. La principal impulsora del projecte.La bes\u00e0via, com icona del passat, d&#8217;esfor\u00e7 i superaci\u00f3. La mare, com a s\u00edmbol del present, de la migraci\u00f3 i de la sang xarnega que tenim moltes. En Marcel, com a s\u00edmbol d&#8217;oportunitats, d&#8217;innoc\u00e8ncia i de futur. Totes posant fil i agulla al mateix poble, en la mateixa direcci\u00f3.<\/p>\n\n\n\n<div class='mgl-tiles-container'><style>\t.mgl-tiles {\t\tdisplay: none;\t}\t#mgl-gallery-69f55502e0e88 {\t\tmargin: -5px;\t\twidth: calc(100% + 10px);\t}\t#mgl-gallery-69f55502e0e88 .mgl-box {\t\tpadding: 5px;\t}\t@media screen and (max-width: 768px) {\t\t#mgl-gallery-69f55502e0e88 {\t\t\tmargin: -5px;\t\t\twidth: calc(100% + 10px);\t\t}\t\t#mgl-gallery-69f55502e0e88 .mgl-box {\t\t\tpadding: 5px;\t\t}\t\t}\t@media screen and (max-width: 460px) {\t\t#mgl-gallery-69f55502e0e88 {\t\t\tmargin: -5px;\t\t\twidth: calc(100% + 10px);\t\t}\t\t#mgl-gallery-69f55502e0e88 .mgl-box {\t\t\tpadding: 5px;\t\t}\t\t}<\/style><div id='mgl-gallery-69f55502e0e88' class='mgl-gallery mgl-tiles captions-none' style=''><figure class=\"mgl-item\"  data-mgl-id=\"6040\" data-mgl-width=\"1080\" data-mgl-height=\"566\">\n\t<div class=\"mgl-icon\">\n\t\t<div class=\"mgl-img-container\">\n\t\t\t\t\t\t\t<img loading=\"lazy\" decoding=\"async\" width=\"840\" height=\"441\" src=\"https:\/\/jaumemontserrat.eu\/wp-content\/uploads\/2022\/05\/Futur-2-1024x537.jpg\" class=\"wp-image-6040\" alt=\"\" srcset=\"https:\/\/jaumemontserrat.eu\/wp-content\/uploads\/2022\/05\/Futur-2-1024x537.jpg 1024w, https:\/\/jaumemontserrat.eu\/wp-content\/uploads\/2022\/05\/Futur-2-300x157.jpg 300w, https:\/\/jaumemontserrat.eu\/wp-content\/uploads\/2022\/05\/Futur-2-768x402.jpg 768w, https:\/\/jaumemontserrat.eu\/wp-content\/uploads\/2022\/05\/Futur-2-500x262.jpg 500w, https:\/\/jaumemontserrat.eu\/wp-content\/uploads\/2022\/05\/Futur-2-800x419.jpg 800w, https:\/\/jaumemontserrat.eu\/wp-content\/uploads\/2022\/05\/Futur-2.jpg 1080w\" sizes=\"50vw\" \/>\t\t\t\t\t<\/div>\n\t<\/div>\n\t<\/figure>\n<figure class=\"mgl-item\"  data-mgl-id=\"6042\" data-mgl-width=\"1080\" data-mgl-height=\"566\">\n\t<div class=\"mgl-icon\">\n\t\t<div class=\"mgl-img-container\">\n\t\t\t\t\t\t\t<img loading=\"lazy\" decoding=\"async\" width=\"840\" height=\"441\" src=\"https:\/\/jaumemontserrat.eu\/wp-content\/uploads\/2022\/05\/Futur-4-1024x537.jpg\" class=\"wp-image-6042\" alt=\"\" srcset=\"https:\/\/jaumemontserrat.eu\/wp-content\/uploads\/2022\/05\/Futur-4-1024x537.jpg 1024w, https:\/\/jaumemontserrat.eu\/wp-content\/uploads\/2022\/05\/Futur-4-300x157.jpg 300w, https:\/\/jaumemontserrat.eu\/wp-content\/uploads\/2022\/05\/Futur-4-768x402.jpg 768w, https:\/\/jaumemontserrat.eu\/wp-content\/uploads\/2022\/05\/Futur-4-500x262.jpg 500w, https:\/\/jaumemontserrat.eu\/wp-content\/uploads\/2022\/05\/Futur-4-800x419.jpg 800w, https:\/\/jaumemontserrat.eu\/wp-content\/uploads\/2022\/05\/Futur-4.jpg 1080w\" sizes=\"50vw\" \/>\t\t\t\t\t<\/div>\n\t<\/div>\n\t<\/figure>\n<\/div><\/div>\n\n\n\n<p>Gr\u00e0cies a l&#8217;Anna, membre de la cooperativa educativa&nbsp;<a href=\"https:\/\/www.instagram.com\/coeducaccio\/\">@coeducaccio<\/a>, qui em va contactar per donar color a un trist carrer\u00f3 del poble. A&nbsp;<a href=\"https:\/\/www.instagram.com\/lacinetika\/\">@lacinetika<\/a>&nbsp;per acollir-nos en l&#8217;assemblea, a&nbsp;<a href=\"https:\/\/www.instagram.com\/eljardidelajulieta\/\">@eljardidelajulieta<\/a>&nbsp;per dir que si des del primer moment i ajudar-nos a recaptar fons pel material. A totes les ve\u00efnes que han portat les restes de pintura que tenien a casa i als infants i fam\u00edlies que han vingut el cap de setmana a donar color i energia al que era un carrer\u00f3 gris i trist.<\/p>\n\n\n\n<div class='mgl-cascade-container'><style>\n\n\t.mgl-cascade {\n\t\tdisplay: none;\n\t}\n\n\t#mgl-gallery-69f55502e1b89 {\n\t\tmargin: -5px;\n\t}\n\n\t#mgl-gallery-69f55502e1b89 .mgl-box {\n\t\tpadding: 5px;\n\t}\n\n\t@media screen and (max-width: 600px) {\n\t\t#mgl-gallery-69f55502e1b89  figcaption {\n\t\t\tdisplay: none\n\t\t}\n\t}\n\n<\/style>\n<div id='mgl-gallery-69f55502e1b89' class='mgl-gallery mgl-cascade captions-none' style=''><div class=\"mgl-row mgl-layout-1-o\" data-cascade-layout=\"o\"><div class=\"mgl-box a\"><figure class=\"mgl-item\">\n\t<div class=\"mgl-icon\">\n\t\t<div class=\"mgl-img-container\">\n\t\t\t\t\t\t\t<img loading=\"lazy\" decoding=\"async\" width=\"840\" height=\"441\" src=\"https:\/\/jaumemontserrat.eu\/wp-content\/uploads\/2022\/05\/mur-3-1024x537.jpg\" class=\"wp-image-6046\" alt=\"\" srcset=\"https:\/\/jaumemontserrat.eu\/wp-content\/uploads\/2022\/05\/mur-3-1024x537.jpg 1024w, https:\/\/jaumemontserrat.eu\/wp-content\/uploads\/2022\/05\/mur-3-300x157.jpg 300w, https:\/\/jaumemontserrat.eu\/wp-content\/uploads\/2022\/05\/mur-3-768x402.jpg 768w, https:\/\/jaumemontserrat.eu\/wp-content\/uploads\/2022\/05\/mur-3-500x262.jpg 500w, https:\/\/jaumemontserrat.eu\/wp-content\/uploads\/2022\/05\/mur-3-800x419.jpg 800w, https:\/\/jaumemontserrat.eu\/wp-content\/uploads\/2022\/05\/mur-3.jpg 1080w\" sizes=\"80vw\" \/>\t\t\t\t\t<\/div>\n\t<\/div>\n\t\t<figcaption class=\"mgl-caption\">\n\t\t\t<p>Barcelona 2023<\/p>\n\t<\/figcaption>\n\t<\/figure>\n<\/div><\/div><div class=\"mgl-row mgl-layout-1-o\" data-cascade-layout=\"o\"><div class=\"mgl-box a\"><figure class=\"mgl-item\">\n\t<div class=\"mgl-icon\">\n\t\t<div class=\"mgl-img-container\">\n\t\t\t\t\t\t\t<img loading=\"lazy\" decoding=\"async\" width=\"840\" height=\"441\" src=\"https:\/\/jaumemontserrat.eu\/wp-content\/uploads\/2022\/05\/Passat-1-1024x537.jpg\" class=\"wp-image-6047\" alt=\"\" srcset=\"https:\/\/jaumemontserrat.eu\/wp-content\/uploads\/2022\/05\/Passat-1-1024x537.jpg 1024w, https:\/\/jaumemontserrat.eu\/wp-content\/uploads\/2022\/05\/Passat-1-300x157.jpg 300w, https:\/\/jaumemontserrat.eu\/wp-content\/uploads\/2022\/05\/Passat-1-768x402.jpg 768w, https:\/\/jaumemontserrat.eu\/wp-content\/uploads\/2022\/05\/Passat-1-500x262.jpg 500w, https:\/\/jaumemontserrat.eu\/wp-content\/uploads\/2022\/05\/Passat-1-800x419.jpg 800w, https:\/\/jaumemontserrat.eu\/wp-content\/uploads\/2022\/05\/Passat-1.jpg 1080w\" sizes=\"80vw\" \/>\t\t\t\t\t<\/div>\n\t<\/div>\n\t\t<figcaption class=\"mgl-caption\">\n\t\t\t<p>Barcelona 2023<\/p>\n\t<\/figcaption>\n\t<\/figure>\n<\/div><\/div><div class=\"mgl-row mgl-layout-1-o\" data-cascade-layout=\"o\"><div class=\"mgl-box a\"><figure class=\"mgl-item\">\n\t<div class=\"mgl-icon\">\n\t\t<div class=\"mgl-img-container\">\n\t\t\t\t\t\t\t<img loading=\"lazy\" decoding=\"async\" width=\"840\" height=\"441\" src=\"https:\/\/jaumemontserrat.eu\/wp-content\/uploads\/2022\/05\/Present-2-1024x537.jpg\" class=\"wp-image-6050\" alt=\"\" srcset=\"https:\/\/jaumemontserrat.eu\/wp-content\/uploads\/2022\/05\/Present-2-1024x537.jpg 1024w, https:\/\/jaumemontserrat.eu\/wp-content\/uploads\/2022\/05\/Present-2-300x157.jpg 300w, https:\/\/jaumemontserrat.eu\/wp-content\/uploads\/2022\/05\/Present-2-768x402.jpg 768w, https:\/\/jaumemontserrat.eu\/wp-content\/uploads\/2022\/05\/Present-2-500x262.jpg 500w, https:\/\/jaumemontserrat.eu\/wp-content\/uploads\/2022\/05\/Present-2-800x419.jpg 800w, https:\/\/jaumemontserrat.eu\/wp-content\/uploads\/2022\/05\/Present-2.jpg 1080w\" sizes=\"80vw\" \/>\t\t\t\t\t<\/div>\n\t<\/div>\n\t<\/figure>\n<\/div><\/div><div class=\"mgl-row mgl-layout-1-o\" data-cascade-layout=\"o\"><div class=\"mgl-box a\"><figure class=\"mgl-item\">\n\t<div class=\"mgl-icon\">\n\t\t<div class=\"mgl-img-container\">\n\t\t\t\t\t\t\t<img loading=\"lazy\" decoding=\"async\" width=\"840\" height=\"441\" src=\"https:\/\/jaumemontserrat.eu\/wp-content\/uploads\/2022\/05\/Futur-1-1024x537.jpg\" class=\"wp-image-6039\" alt=\"\" srcset=\"https:\/\/jaumemontserrat.eu\/wp-content\/uploads\/2022\/05\/Futur-1-1024x537.jpg 1024w, https:\/\/jaumemontserrat.eu\/wp-content\/uploads\/2022\/05\/Futur-1-300x157.jpg 300w, https:\/\/jaumemontserrat.eu\/wp-content\/uploads\/2022\/05\/Futur-1-768x402.jpg 768w, https:\/\/jaumemontserrat.eu\/wp-content\/uploads\/2022\/05\/Futur-1-500x262.jpg 500w, https:\/\/jaumemontserrat.eu\/wp-content\/uploads\/2022\/05\/Futur-1-800x419.jpg 800w, https:\/\/jaumemontserrat.eu\/wp-content\/uploads\/2022\/05\/Futur-1.jpg 1080w\" sizes=\"80vw\" \/>\t\t\t\t\t<\/div>\n\t<\/div>\n\t<\/figure>\n<\/div><\/div><div class=\"mgl-row mgl-layout-1-o\" data-cascade-layout=\"o\"><div class=\"mgl-box a\"><figure class=\"mgl-item\">\n\t<div class=\"mgl-icon\">\n\t\t<div class=\"mgl-img-container\">\n\t\t\t\t\t\t\t<img loading=\"lazy\" decoding=\"async\" width=\"840\" height=\"441\" src=\"https:\/\/jaumemontserrat.eu\/wp-content\/uploads\/2022\/05\/Futur-5-1024x537.jpg\" class=\"wp-image-6043\" alt=\"\" srcset=\"https:\/\/jaumemontserrat.eu\/wp-content\/uploads\/2022\/05\/Futur-5-1024x537.jpg 1024w, https:\/\/jaumemontserrat.eu\/wp-content\/uploads\/2022\/05\/Futur-5-300x157.jpg 300w, https:\/\/jaumemontserrat.eu\/wp-content\/uploads\/2022\/05\/Futur-5-768x402.jpg 768w, https:\/\/jaumemontserrat.eu\/wp-content\/uploads\/2022\/05\/Futur-5-500x262.jpg 500w, https:\/\/jaumemontserrat.eu\/wp-content\/uploads\/2022\/05\/Futur-5-800x419.jpg 800w, https:\/\/jaumemontserrat.eu\/wp-content\/uploads\/2022\/05\/Futur-5.jpg 1080w\" sizes=\"80vw\" \/>\t\t\t\t\t<\/div>\n\t<\/div>\n\t\t<figcaption class=\"mgl-caption\">\n\t\t\t<p>Barcelona 2023<\/p>\n\t<\/figcaption>\n\t<\/figure>\n<\/div><\/div><\/div><\/div>\n\n\n\n<div class='mgl-tiles-container'><style>\t.mgl-tiles {\t\tdisplay: none;\t}\t#mgl-gallery-69f55502e3477 {\t\tmargin: -5px;\t\twidth: calc(100% + 10px);\t}\t#mgl-gallery-69f55502e3477 .mgl-box {\t\tpadding: 5px;\t}\t@media screen and (max-width: 768px) {\t\t#mgl-gallery-69f55502e3477 {\t\t\tmargin: -5px;\t\t\twidth: calc(100% + 10px);\t\t}\t\t#mgl-gallery-69f55502e3477 .mgl-box {\t\t\tpadding: 5px;\t\t}\t\t}\t@media screen and (max-width: 460px) {\t\t#mgl-gallery-69f55502e3477 {\t\t\tmargin: -5px;\t\t\twidth: calc(100% + 10px);\t\t}\t\t#mgl-gallery-69f55502e3477 .mgl-box {\t\t\tpadding: 5px;\t\t}\t\t}<\/style><div id='mgl-gallery-69f55502e3477' class='mgl-gallery mgl-tiles captions-none' style=''><figure class=\"mgl-item\"  data-mgl-id=\"6038\" data-mgl-width=\"1080\" data-mgl-height=\"566\">\n\t<div class=\"mgl-icon\">\n\t\t<div class=\"mgl-img-container\">\n\t\t\t\t\t\t\t<img loading=\"lazy\" decoding=\"async\" width=\"840\" height=\"441\" src=\"https:\/\/jaumemontserrat.eu\/wp-content\/uploads\/2022\/05\/Detall-2-1024x537.jpg\" class=\"wp-image-6038\" alt=\"\" srcset=\"https:\/\/jaumemontserrat.eu\/wp-content\/uploads\/2022\/05\/Detall-2-1024x537.jpg 1024w, https:\/\/jaumemontserrat.eu\/wp-content\/uploads\/2022\/05\/Detall-2-300x157.jpg 300w, https:\/\/jaumemontserrat.eu\/wp-content\/uploads\/2022\/05\/Detall-2-768x402.jpg 768w, https:\/\/jaumemontserrat.eu\/wp-content\/uploads\/2022\/05\/Detall-2-500x262.jpg 500w, https:\/\/jaumemontserrat.eu\/wp-content\/uploads\/2022\/05\/Detall-2-800x419.jpg 800w, https:\/\/jaumemontserrat.eu\/wp-content\/uploads\/2022\/05\/Detall-2.jpg 1080w\" sizes=\"50vw\" \/>\t\t\t\t\t<\/div>\n\t<\/div>\n\t<\/figure>\n<figure class=\"mgl-item\"  data-mgl-id=\"6041\" data-mgl-width=\"1080\" data-mgl-height=\"566\">\n\t<div class=\"mgl-icon\">\n\t\t<div class=\"mgl-img-container\">\n\t\t\t\t\t\t\t<img loading=\"lazy\" decoding=\"async\" width=\"840\" height=\"441\" src=\"https:\/\/jaumemontserrat.eu\/wp-content\/uploads\/2022\/05\/Futur-3-1024x537.jpg\" class=\"wp-image-6041\" alt=\"\" srcset=\"https:\/\/jaumemontserrat.eu\/wp-content\/uploads\/2022\/05\/Futur-3-1024x537.jpg 1024w, https:\/\/jaumemontserrat.eu\/wp-content\/uploads\/2022\/05\/Futur-3-300x157.jpg 300w, https:\/\/jaumemontserrat.eu\/wp-content\/uploads\/2022\/05\/Futur-3-768x402.jpg 768w, https:\/\/jaumemontserrat.eu\/wp-content\/uploads\/2022\/05\/Futur-3-500x262.jpg 500w, https:\/\/jaumemontserrat.eu\/wp-content\/uploads\/2022\/05\/Futur-3-800x419.jpg 800w, https:\/\/jaumemontserrat.eu\/wp-content\/uploads\/2022\/05\/Futur-3.jpg 1080w\" sizes=\"50vw\" \/>\t\t\t\t\t<\/div>\n\t<\/div>\n\t<\/figure>\n<figure class=\"mgl-item\"  data-mgl-id=\"6060\" data-mgl-width=\"477\" data-mgl-height=\"641\">\n\t<div class=\"mgl-icon\">\n\t\t<div class=\"mgl-img-container\">\n\t\t\t\t\t\t\t<img loading=\"lazy\" decoding=\"async\" width=\"477\" height=\"641\" src=\"https:\/\/jaumemontserrat.eu\/wp-content\/uploads\/2022\/05\/IMG_20220210_204504-e1652773275333.jpg\" class=\"wp-image-6060\" alt=\"\" srcset=\"https:\/\/jaumemontserrat.eu\/wp-content\/uploads\/2022\/05\/IMG_20220210_204504-e1652773275333.jpg 477w, https:\/\/jaumemontserrat.eu\/wp-content\/uploads\/2022\/05\/IMG_20220210_204504-e1652773275333-223x300.jpg 223w\" sizes=\"50vw\" \/>\t\t\t\t\t<\/div>\n\t<\/div>\n\t<\/figure>\n<\/div><\/div>\n\n\n\n<p><\/p>\n","protected":false},"excerpt":{"rendered":"<p>PASSAT \u2022 PRESENT \u2022 FUTUR1. La iaia Teresina (l&#8217;\u00e0via del pare). Filla de castanyera que va treballar, primer de filadora a Fabra i Coats, i despr\u00e9s de sastre a casa fent vestits de n\u00favia per les ve\u00efnes. 2. Carmen, la mare, qui va vindre de petita des d&#8217;Almeria i qui portava un sobresou a casa &hellip; <a href=\"https:\/\/jaumemontserrat.eu\/gb\/uncategorized\/mural-sant-andreu\/\" class=\"more-link\">Continue reading<span class=\"screen-reader-text\"> &#8220;Mural Sant Andreu&#8221;<\/span><\/a><\/p>\n","protected":false},"author":3,"featured_media":0,"comment_status":"closed","ping_status":"closed","sticky":false,"template":"","format":"standard","meta":{"_vp_format_video_url":"","_vp_image_focal_point":[],"footnotes":""},"categories":[12,1,8],"tags":[],"class_list":["post-6035","post","type-post","status-publish","format-standard","hentry","category-colaboraciones","category-uncategorized","category-wall"],"translation":{"provider":"WPGlobus","version":"2.12.2","language":"gb","enabled_languages":["ct","es","gb"],"languages":{"ct":{"title":true,"content":true,"excerpt":false},"es":{"title":false,"content":false,"excerpt":false},"gb":{"title":false,"content":false,"excerpt":false}}},"_links":{"self":[{"href":"https:\/\/jaumemontserrat.eu\/gb\/wp-json\/wp\/v2\/posts\/6035"}],"collection":[{"href":"https:\/\/jaumemontserrat.eu\/gb\/wp-json\/wp\/v2\/posts"}],"about":[{"href":"https:\/\/jaumemontserrat.eu\/gb\/wp-json\/wp\/v2\/types\/post"}],"author":[{"embeddable":true,"href":"https:\/\/jaumemontserrat.eu\/gb\/wp-json\/wp\/v2\/users\/3"}],"replies":[{"embeddable":true,"href":"https:\/\/jaumemontserrat.eu\/gb\/wp-json\/wp\/v2\/comments?post=6035"}],"version-history":[{"count":9,"href":"https:\/\/jaumemontserrat.eu\/gb\/wp-json\/wp\/v2\/posts\/6035\/revisions"}],"predecessor-version":[{"id":6061,"href":"https:\/\/jaumemontserrat.eu\/gb\/wp-json\/wp\/v2\/posts\/6035\/revisions\/6061"}],"wp:attachment":[{"href":"https:\/\/jaumemontserrat.eu\/gb\/wp-json\/wp\/v2\/media?parent=6035"}],"wp:term":[{"taxonomy":"category","embeddable":true,"href":"https:\/\/jaumemontserrat.eu\/gb\/wp-json\/wp\/v2\/categories?post=6035"},{"taxonomy":"post_tag","embeddable":true,"href":"https:\/\/jaumemontserrat.eu\/gb\/wp-json\/wp\/v2\/tags?post=6035"}],"curies":[{"name":"wp","href":"https:\/\/api.w.org\/{rel}","templated":true}]}}